{"id":1070,"date":"2024-11-12T14:57:13","date_gmt":"2024-11-12T13:57:13","guid":{"rendered":"https:\/\/audeladestoiles.com\/?p=1070"},"modified":"2024-12-09T15:16:55","modified_gmt":"2024-12-09T14:16:55","slug":"silentium-quand-labbe-pierre-se-rebelle-en-silence","status":"publish","type":"post","link":"https:\/\/audeladestoiles.com\/index.php\/2024\/11\/12\/silentium-quand-labbe-pierre-se-rebelle-en-silence\/","title":{"rendered":"\u00ab Silentium \u00bb : quand l\u2019abb\u00e9 Pierre se rebelle\u2026 en silence"},"content":{"rendered":"<p>[et_pb_section fb_built=&#8221;1&#8243; _builder_version=&#8221;4.27.0&#8243; _module_preset=&#8221;default&#8221; global_colors_info=&#8221;{}&#8221;][et_pb_row _builder_version=&#8221;4.27.0&#8243; _module_preset=&#8221;default&#8221; custom_margin=&#8221;-46px|auto||auto||&#8221; global_colors_info=&#8221;{}&#8221;][et_pb_column type=&#8221;4_4&#8243; _builder_version=&#8221;4.27.0&#8243; _module_preset=&#8221;default&#8221; global_colors_info=&#8221;{}&#8221;][et_pb_text admin_label=&#8221;Texte&#8221; _builder_version=&#8221;4.27.0&#8243; _module_preset=&#8221;default&#8221; custom_margin=&#8221;-32px|||||&#8221; global_colors_info=&#8221;{}&#8221; hover_enabled=&#8221;0&#8243; sticky_enabled=&#8221;0&#8243;]<\/p>\n<p data-pm-slice=\"0 0 []\"><em><span role=\"img\" aria-label=\"\u00a9\">\u00a9<\/span><!-- notionvc: 468155be-4a28-40b9-b5fc-4254e794bf31 -->Olivier Bac\/Silentium<\/em><\/p>\n<p>[\/et_pb_text][et_pb_text _builder_version=&#8221;4.27.0&#8243; _module_preset=&#8221;default&#8221; global_colors_info=&#8221;{}&#8221;]<\/p>\n<p style=\"text-align: justify;\"><span style=\"color: #000000;\">La sc\u00e8ne se passe dans une \u00e9glise d\u00e9sacralis\u00e9e \u00e0 Toulouse, d\u00e9but novembre 2024. \u00c0 l\u2019entr\u00e9e, les visiteurs sont d\u00e9j\u00e0 intrigu\u00e9s par l\u2019odeur d\u2019encens, les lumi\u00e8res tamis\u00e9es et une musique solennelle. Mais ce n\u2019est rien compar\u00e9 \u00e0 ce qui les attend plus loin : une sculpture en marbre repr\u00e9sentant l\u2019<span style=\"text-decoration: underline;\"><a href=\"https:\/\/www.fondation-abbe-pierre.fr\/la-fondation-abbe-pierre\" target=\"_blank\" rel=\"noopener\">abb\u00e9 Pierre<\/a><\/span>, allong\u00e9, drap\u00e9 d\u2019un tissu blanc, et \u2013 surprise ! \u2013 arborant une \u00e9rection. Cette \u0153uvre, baptis\u00e9e <em>Silentium<\/em>, est sign\u00e9e par l\u2019artiste toulousain <span style=\"text-decoration: underline;\"><a href=\"https:\/\/www.james-colomina.com\/street-life\" target=\"_blank\" rel=\"noopener\">James Colomina<\/a><\/span>, connu pour ses cr\u00e9ations audacieuses qui questionnent les normes et les tabous.<\/span><\/p>\n<h4 style=\"text-align: justify;\"><span style=\"color: #000000;\">Provocation ou r\u00e9v\u00e9lation ?<\/span><\/h4>\n<p style=\"text-align: justify;\"><span style=\"color: #000000;\">Derri\u00e8re cette repr\u00e9sentation inhabituelle de l\u2019abb\u00e9 Pierre se cache un message assum\u00e9. Colomina, habitu\u00e9 \u00e0 secouer les consciences, a expliqu\u00e9 que l\u2019\u0153uvre vise \u00e0 d\u00e9noncer les abus sexuels au sein de l\u2019\u00c9glise, des scandales qui ont longtemps \u00e9t\u00e9 pass\u00e9s sous silence. Dans <em>Silentium<\/em>, le choix d\u2019une \u00e9rection \u2013 un symbole si controvers\u00e9 dans un contexte religieux \u2013 incarne l\u2019humanit\u00e9 parfois oubli\u00e9e des figures religieuses, tout en pointant du doigt les secrets douloureux de l\u2019institution.<\/span><\/p>\n<p style=\"text-align: justify;\"><span style=\"color: #000000;\">Bien s\u00fbr, cette provocation artistique n\u2019a pas laiss\u00e9 le public indiff\u00e9rent. D\u2019un c\u00f4t\u00e9, certains se disent choqu\u00e9s par l\u2019audace de Colomina, estimant que l\u2019abb\u00e9 Pierre, embl\u00e8me de la charit\u00e9 et du respect, aurait m\u00e9rit\u00e9 un hommage plus sobre. D\u2019autres, en revanche, louent la force de l\u2019\u0153uvre : derri\u00e8re cette mise en sc\u00e8ne, ils voient une invitation \u00e0 cesser le silence autour des abus, un appel \u00e0 la v\u00e9rit\u00e9, aussi brutale soit-elle.<\/span><\/p>\n<h4 style=\"text-align: justify;\"><span style=\"color: #000000;\">Une \u00e9glise, mais sans b\u00e9n\u00e9diction<\/span><\/h4>\n<p style=\"text-align: justify;\"><span style=\"color: #000000;\">Le choix d\u2019un lieu de culte n\u2019\u00e9tait pas anodin. L\u2019\u00e9glise du Ges\u00f9, d\u00e9sacralis\u00e9e depuis des ann\u00e9es, accueille des \u00e9v\u00e9nements artistiques, offrant un cadre unique pour des \u0153uvres qui jouent avec les symboles religieux. Colomina souhaitait cr\u00e9er un environnement qui pousse le spectateur \u00e0 ressentir le poids de l\u2019\u00c9glise avant de se confronter \u00e0 l\u2019\u0153uvre. Lumi\u00e8res et musique religieuses, encens flottant dans l\u2019air\u2026 tout est pens\u00e9 pour renforcer l\u2019impact \u00e9motionnel de la sculpture.<\/span><\/p>\n<h4 style=\"text-align: justify;\"><span style=\"color: #000000;\">Colomina : l\u2019art comme arme de d\u00e9nonciation<\/span><\/h4>\n<p style=\"text-align: justify;\"><span style=\"color: #000000;\">Colomina, habitu\u00e9 \u00e0 travailler dans l\u2019espace public, change ici de registre avec une \u0153uvre en int\u00e9rieur, en blanc, loin du rouge vif de ses habituelles sculptures de rue. L\u2019artiste d\u00e9clare qu\u2019il voulait cette fois une atmosph\u00e8re contemplative, presque silencieuse, qui laisse place \u00e0 une r\u00e9flexion int\u00e9rieure. Dans ses propres mots, <em>Silentium<\/em> est une \u0153uvre \u00e9ph\u00e9m\u00e8re mais marquante, une confrontation sans filtre avec une r\u00e9alit\u00e9 souvent tue.<\/span><\/p>\n<p style=\"text-align: justify;\"><span style=\"color: #000000;\">Pour Colomina, cette provocation n\u2019a rien de gratuit : elle est au service d\u2019un message, d\u2019un besoin d\u2019ouvrir le d\u00e9bat, m\u00eame si cela heurte certaines sensibilit\u00e9s. Son but ? Non pas de ridiculiser une figure de l\u2019\u00c9glise, mais de susciter des questionnements, quitte \u00e0 d\u00e9clencher un malaise chez le spectateur.<\/span><\/p>\n<h4 style=\"text-align: justify;\"><span style=\"color: #000000;\">Art, scandale, et conscience sociale<\/span><\/h4>\n<p style=\"text-align: justify;\"><span style=\"color: #000000;\">Finalement, <em>Silentium<\/em> pourrait bien marquer un tournant dans l\u2019art contemporain fran\u00e7ais, rappelant que l\u2019art ne se limite pas \u00e0 l\u2019esth\u00e9tique : il est aussi un vecteur de d\u00e9nonciation, de v\u00e9rit\u00e9, et parfois de scandale. Entre ceux qui y voient un hommage d\u00e9cal\u00e9 \u00e0 l\u2019humanit\u00e9 de l\u2019abb\u00e9 Pierre, et ceux qui d\u00e9noncent une insulte \u00e0 sa m\u00e9moire, la sculpture de Colomina n\u2019a pas fini de faire parler d\u2019elle.<\/span><\/p>\n<p style=\"text-align: justify;\"><span style=\"color: #000000;\">Si la pol\u00e9mique en dit long sur les tensions entre libert\u00e9 artistique et respect des symboles religieux, elle rappelle aussi que l\u2019art n\u2019est jamais aussi puissant que lorsqu\u2019il nous oblige \u00e0 confronter des r\u00e9alit\u00e9s d\u00e9rangeantes.<\/span><\/p>\n<p>[\/et_pb_text][\/et_pb_column][\/et_pb_row][\/et_pb_section][et_pb_section fb_built=&#8221;1&#8243; _builder_version=&#8221;4.27.0&#8243; _module_preset=&#8221;default&#8221; custom_padding=&#8221;3px|||||&#8221; global_colors_info=&#8221;{}&#8221;][et_pb_row _builder_version=&#8221;4.27.0&#8243; _module_preset=&#8221;default&#8221; background_color=&#8221;#F2F0E6&#8243; min_height=&#8221;549px&#8221; global_colors_info=&#8221;{}&#8221;][et_pb_column type=&#8221;4_4&#8243; _builder_version=&#8221;4.27.0&#8243; _module_preset=&#8221;default&#8221; global_colors_info=&#8221;{}&#8221;][et_pb_text _builder_version=&#8221;4.27.0&#8243; _module_preset=&#8221;default&#8221; custom_padding=&#8221;|18px||18px|true|true&#8221; global_colors_info=&#8221;{}&#8221;]<\/p>\n<h1><strong>\u00c0 d\u00e9couvrir<\/strong><\/h1>\n<p>[\/et_pb_text][et_pb_divider _builder_version=&#8221;4.27.0&#8243; _module_preset=&#8221;default&#8221; global_colors_info=&#8221;{}&#8221;][\/et_pb_divider][et_pb_blog fullwidth=&#8221;off&#8221; posts_number=&#8221;3&#8243; include_categories=&#8221;all&#8221; show_more=&#8221;on&#8221; _builder_version=&#8221;4.27.0&#8243; _module_preset=&#8221;default&#8221; custom_padding=&#8221;0px|18px|0px|18px|true|true&#8221; global_colors_info=&#8221;{}&#8221;][\/et_pb_blog][\/et_pb_column][\/et_pb_row][\/et_pb_section]<\/p>\n","protected":false},"excerpt":{"rendered":"<p>Entre saintet\u00e9 et scandale : une \u0153uvre qui interroge les tabous<\/p>\n","protected":false},"author":1,"featured_media":1071,"comment_status":"closed","ping_status":"open","sticky":false,"template":"","format":"standard","meta":{"_et_pb_use_builder":"on","_et_pb_old_content":"","_et_gb_content_width":"2880","footnotes":""},"categories":[10],"tags":[],"class_list":["post-1070","post","type-post","status-publish","format-standard","has-post-thumbnail","hentry","category-articles"],"yoast_head":"<!-- This site is optimized with the Yoast SEO plugin v27.5 - https:\/\/yoast.com\/product\/yoast-seo-wordpress\/ -->\n<title>\u00ab Silentium \u00bb : quand l\u2019abb\u00e9 Pierre se rebelle\u2026 en silence - Au-del\u00e0 des toiles<\/title>\n<meta name=\"description\" content=\"D\u00e9couvrez Silentium de James Colomina : une sculpture audacieuse et provocatrice, repr\u00e9sentant l\u2019abb\u00e9 Pierre dans une \u00e9glise d\u00e9sacralis\u00e9e.\" \/>\n<meta name=\"robots\" content=\"index, follow, max-snippet:-1, max-image-preview:large, max-video-preview:-1\" \/>\n<link rel=\"canonical\" href=\"https:\/\/audeladestoiles.com\/index.php\/2024\/11\/12\/silentium-quand-labbe-pierre-se-rebelle-en-silence\/\" \/>\n<meta property=\"og:locale\" content=\"en_US\" \/>\n<meta property=\"og:type\" content=\"article\" \/>\n<meta property=\"og:title\" content=\"\u00ab Silentium \u00bb : quand l\u2019abb\u00e9 Pierre se rebelle\u2026 en silence - Au-del\u00e0 des toiles\" \/>\n<meta property=\"og:description\" content=\"D\u00e9couvrez Silentium de James Colomina : une sculpture audacieuse et provocatrice, repr\u00e9sentant l\u2019abb\u00e9 Pierre dans une \u00e9glise d\u00e9sacralis\u00e9e.\" \/>\n<meta property=\"og:url\" content=\"https:\/\/audeladestoiles.com\/index.php\/2024\/11\/12\/silentium-quand-labbe-pierre-se-rebelle-en-silence\/\" \/>\n<meta property=\"og:site_name\" content=\"Au-del\u00e0 des toiles\" \/>\n<meta property=\"article:publisher\" content=\"https:\/\/www.facebook.com\/profile.php?id=61559291932256\" \/>\n<meta property=\"article:published_time\" content=\"2024-11-12T13:57:13+00:00\" \/>\n<meta property=\"article:modified_time\" content=\"2024-12-09T14:16:55+00:00\" \/>\n<meta property=\"og:image\" content=\"http:\/\/audeladestoiles.com\/wp-content\/uploads\/2024\/11\/Olivier-BacSilentium.webp\" \/>\n\t<meta property=\"og:image:width\" content=\"1200\" \/>\n\t<meta property=\"og:image:height\" content=\"800\" \/>\n\t<meta property=\"og:image:type\" content=\"image\/webp\" \/>\n<meta name=\"author\" content=\"Louane Marion\" \/>\n<meta name=\"twitter:card\" content=\"summary_large_image\" \/>\n<meta name=\"twitter:label1\" content=\"Written by\" \/>\n\t<meta name=\"twitter:data1\" content=\"Louane Marion\" \/>\n\t<meta name=\"twitter:label2\" content=\"Est. reading time\" \/>\n\t<meta name=\"twitter:data2\" content=\"5 minutes\" \/>\n<script type=\"application\/ld+json\" class=\"yoast-schema-graph\">{\"@context\":\"https:\\\/\\\/schema.org\",\"@graph\":[{\"@type\":\"Article\",\"@id\":\"https:\\\/\\\/audeladestoiles.com\\\/index.php\\\/2024\\\/11\\\/12\\\/silentium-quand-labbe-pierre-se-rebelle-en-silence\\\/#article\",\"isPartOf\":{\"@id\":\"https:\\\/\\\/audeladestoiles.com\\\/index.php\\\/2024\\\/11\\\/12\\\/silentium-quand-labbe-pierre-se-rebelle-en-silence\\\/\"},\"author\":{\"name\":\"Louane Marion\",\"@id\":\"https:\\\/\\\/audeladestoiles.com\\\/#\\\/schema\\\/person\\\/e6867e14880758485a2921f9c18412e4\"},\"headline\":\"\u00ab Silentium \u00bb : quand l\u2019abb\u00e9 Pierre se rebelle\u2026 en silence\",\"datePublished\":\"2024-11-12T13:57:13+00:00\",\"dateModified\":\"2024-12-09T14:16:55+00:00\",\"mainEntityOfPage\":{\"@id\":\"https:\\\/\\\/audeladestoiles.com\\\/index.php\\\/2024\\\/11\\\/12\\\/silentium-quand-labbe-pierre-se-rebelle-en-silence\\\/\"},\"wordCount\":845,\"publisher\":{\"@id\":\"https:\\\/\\\/audeladestoiles.com\\\/#organization\"},\"image\":{\"@id\":\"https:\\\/\\\/audeladestoiles.com\\\/index.php\\\/2024\\\/11\\\/12\\\/silentium-quand-labbe-pierre-se-rebelle-en-silence\\\/#primaryimage\"},\"thumbnailUrl\":\"https:\\\/\\\/audeladestoiles.com\\\/wp-content\\\/uploads\\\/2024\\\/11\\\/Olivier-BacSilentium.webp\",\"articleSection\":[\"Articles\"],\"inLanguage\":\"en-US\"},{\"@type\":\"WebPage\",\"@id\":\"https:\\\/\\\/audeladestoiles.com\\\/index.php\\\/2024\\\/11\\\/12\\\/silentium-quand-labbe-pierre-se-rebelle-en-silence\\\/\",\"url\":\"https:\\\/\\\/audeladestoiles.com\\\/index.php\\\/2024\\\/11\\\/12\\\/silentium-quand-labbe-pierre-se-rebelle-en-silence\\\/\",\"name\":\"\u00ab Silentium \u00bb : quand l\u2019abb\u00e9 Pierre se rebelle\u2026 en silence - Au-del\u00e0 des toiles\",\"isPartOf\":{\"@id\":\"https:\\\/\\\/audeladestoiles.com\\\/#website\"},\"primaryImageOfPage\":{\"@id\":\"https:\\\/\\\/audeladestoiles.com\\\/index.php\\\/2024\\\/11\\\/12\\\/silentium-quand-labbe-pierre-se-rebelle-en-silence\\\/#primaryimage\"},\"image\":{\"@id\":\"https:\\\/\\\/audeladestoiles.com\\\/index.php\\\/2024\\\/11\\\/12\\\/silentium-quand-labbe-pierre-se-rebelle-en-silence\\\/#primaryimage\"},\"thumbnailUrl\":\"https:\\\/\\\/audeladestoiles.com\\\/wp-content\\\/uploads\\\/2024\\\/11\\\/Olivier-BacSilentium.webp\",\"datePublished\":\"2024-11-12T13:57:13+00:00\",\"dateModified\":\"2024-12-09T14:16:55+00:00\",\"description\":\"D\u00e9couvrez Silentium de James Colomina : une sculpture audacieuse et provocatrice, repr\u00e9sentant l\u2019abb\u00e9 Pierre dans une \u00e9glise d\u00e9sacralis\u00e9e.\",\"breadcrumb\":{\"@id\":\"https:\\\/\\\/audeladestoiles.com\\\/index.php\\\/2024\\\/11\\\/12\\\/silentium-quand-labbe-pierre-se-rebelle-en-silence\\\/#breadcrumb\"},\"inLanguage\":\"en-US\",\"potentialAction\":[{\"@type\":\"ReadAction\",\"target\":[\"https:\\\/\\\/audeladestoiles.com\\\/index.php\\\/2024\\\/11\\\/12\\\/silentium-quand-labbe-pierre-se-rebelle-en-silence\\\/\"]}]},{\"@type\":\"ImageObject\",\"inLanguage\":\"en-US\",\"@id\":\"https:\\\/\\\/audeladestoiles.com\\\/index.php\\\/2024\\\/11\\\/12\\\/silentium-quand-labbe-pierre-se-rebelle-en-silence\\\/#primaryimage\",\"url\":\"https:\\\/\\\/audeladestoiles.com\\\/wp-content\\\/uploads\\\/2024\\\/11\\\/Olivier-BacSilentium.webp\",\"contentUrl\":\"https:\\\/\\\/audeladestoiles.com\\\/wp-content\\\/uploads\\\/2024\\\/11\\\/Olivier-BacSilentium.webp\",\"width\":1200,\"height\":800,\"caption\":\"Olivier-BacSilentium-abb\u00e9-pierre\"},{\"@type\":\"BreadcrumbList\",\"@id\":\"https:\\\/\\\/audeladestoiles.com\\\/index.php\\\/2024\\\/11\\\/12\\\/silentium-quand-labbe-pierre-se-rebelle-en-silence\\\/#breadcrumb\",\"itemListElement\":[{\"@type\":\"ListItem\",\"position\":1,\"name\":\"Accueil\",\"item\":\"https:\\\/\\\/audeladestoiles.com\\\/\"},{\"@type\":\"ListItem\",\"position\":2,\"name\":\"\u00ab Silentium \u00bb : quand l\u2019abb\u00e9 Pierre se rebelle\u2026 en silence\"}]},{\"@type\":\"WebSite\",\"@id\":\"https:\\\/\\\/audeladestoiles.com\\\/#website\",\"url\":\"https:\\\/\\\/audeladestoiles.com\\\/\",\"name\":\"Au-del\u00e0 des toiles\",\"description\":\"D\u00e9couvrez l&#039;art sous un nouveau regard\",\"publisher\":{\"@id\":\"https:\\\/\\\/audeladestoiles.com\\\/#organization\"},\"potentialAction\":[{\"@type\":\"SearchAction\",\"target\":{\"@type\":\"EntryPoint\",\"urlTemplate\":\"https:\\\/\\\/audeladestoiles.com\\\/?s={search_term_string}\"},\"query-input\":{\"@type\":\"PropertyValueSpecification\",\"valueRequired\":true,\"valueName\":\"search_term_string\"}}],\"inLanguage\":\"en-US\"},{\"@type\":\"Organization\",\"@id\":\"https:\\\/\\\/audeladestoiles.com\\\/#organization\",\"name\":\"Au-del\u00e0 des toiles\",\"url\":\"https:\\\/\\\/audeladestoiles.com\\\/\",\"logo\":{\"@type\":\"ImageObject\",\"inLanguage\":\"en-US\",\"@id\":\"https:\\\/\\\/audeladestoiles.com\\\/#\\\/schema\\\/logo\\\/image\\\/\",\"url\":\"https:\\\/\\\/audeladestoiles.com\\\/wp-content\\\/uploads\\\/2024\\\/09\\\/Logo-1.png\",\"contentUrl\":\"https:\\\/\\\/audeladestoiles.com\\\/wp-content\\\/uploads\\\/2024\\\/09\\\/Logo-1.png\",\"width\":294,\"height\":325,\"caption\":\"Au-del\u00e0 des toiles\"},\"image\":{\"@id\":\"https:\\\/\\\/audeladestoiles.com\\\/#\\\/schema\\\/logo\\\/image\\\/\"},\"sameAs\":[\"https:\\\/\\\/www.facebook.com\\\/profile.php?id=61559291932256\",\"https:\\\/\\\/www.instagram.com\\\/au_dela_des_toiles\\\/\"]},{\"@type\":\"Person\",\"@id\":\"https:\\\/\\\/audeladestoiles.com\\\/#\\\/schema\\\/person\\\/e6867e14880758485a2921f9c18412e4\",\"name\":\"Louane Marion\",\"image\":{\"@type\":\"ImageObject\",\"inLanguage\":\"en-US\",\"@id\":\"https:\\\/\\\/secure.gravatar.com\\\/avatar\\\/2d5186442ed848bccf4af981cccc26c1c8dc3cd02dffaaf9c61ac626523d4d25?s=96&d=mm&r=g\",\"url\":\"https:\\\/\\\/secure.gravatar.com\\\/avatar\\\/2d5186442ed848bccf4af981cccc26c1c8dc3cd02dffaaf9c61ac626523d4d25?s=96&d=mm&r=g\",\"contentUrl\":\"https:\\\/\\\/secure.gravatar.com\\\/avatar\\\/2d5186442ed848bccf4af981cccc26c1c8dc3cd02dffaaf9c61ac626523d4d25?s=96&d=mm&r=g\",\"caption\":\"Louane Marion\"},\"sameAs\":[\"http:\\\/\\\/audeladestoiles.com\"],\"url\":\"https:\\\/\\\/audeladestoiles.com\\\/index.php\\\/author\\\/admin5008\\\/\"}]}<\/script>\n<!-- \/ Yoast SEO plugin. -->","yoast_head_json":{"title":"\u00ab Silentium \u00bb : quand l\u2019abb\u00e9 Pierre se rebelle\u2026 en silence - Au-del\u00e0 des toiles","description":"D\u00e9couvrez Silentium de James Colomina : une sculpture audacieuse et provocatrice, repr\u00e9sentant l\u2019abb\u00e9 Pierre dans une \u00e9glise d\u00e9sacralis\u00e9e.","robots":{"index":"index","follow":"follow","max-snippet":"max-snippet:-1","max-image-preview":"max-image-preview:large","max-video-preview":"max-video-preview:-1"},"canonical":"https:\/\/audeladestoiles.com\/index.php\/2024\/11\/12\/silentium-quand-labbe-pierre-se-rebelle-en-silence\/","og_locale":"en_US","og_type":"article","og_title":"\u00ab Silentium \u00bb : quand l\u2019abb\u00e9 Pierre se rebelle\u2026 en silence - Au-del\u00e0 des toiles","og_description":"D\u00e9couvrez Silentium de James Colomina : une sculpture audacieuse et provocatrice, repr\u00e9sentant l\u2019abb\u00e9 Pierre dans une \u00e9glise d\u00e9sacralis\u00e9e.","og_url":"https:\/\/audeladestoiles.com\/index.php\/2024\/11\/12\/silentium-quand-labbe-pierre-se-rebelle-en-silence\/","og_site_name":"Au-del\u00e0 des toiles","article_publisher":"https:\/\/www.facebook.com\/profile.php?id=61559291932256","article_published_time":"2024-11-12T13:57:13+00:00","article_modified_time":"2024-12-09T14:16:55+00:00","og_image":[{"width":1200,"height":800,"url":"http:\/\/audeladestoiles.com\/wp-content\/uploads\/2024\/11\/Olivier-BacSilentium.webp","type":"image\/webp"}],"author":"Louane Marion","twitter_card":"summary_large_image","twitter_misc":{"Written by":"Louane Marion","Est. reading time":"5 minutes"},"schema":{"@context":"https:\/\/schema.org","@graph":[{"@type":"Article","@id":"https:\/\/audeladestoiles.com\/index.php\/2024\/11\/12\/silentium-quand-labbe-pierre-se-rebelle-en-silence\/#article","isPartOf":{"@id":"https:\/\/audeladestoiles.com\/index.php\/2024\/11\/12\/silentium-quand-labbe-pierre-se-rebelle-en-silence\/"},"author":{"name":"Louane Marion","@id":"https:\/\/audeladestoiles.com\/#\/schema\/person\/e6867e14880758485a2921f9c18412e4"},"headline":"\u00ab Silentium \u00bb : quand l\u2019abb\u00e9 Pierre se rebelle\u2026 en silence","datePublished":"2024-11-12T13:57:13+00:00","dateModified":"2024-12-09T14:16:55+00:00","mainEntityOfPage":{"@id":"https:\/\/audeladestoiles.com\/index.php\/2024\/11\/12\/silentium-quand-labbe-pierre-se-rebelle-en-silence\/"},"wordCount":845,"publisher":{"@id":"https:\/\/audeladestoiles.com\/#organization"},"image":{"@id":"https:\/\/audeladestoiles.com\/index.php\/2024\/11\/12\/silentium-quand-labbe-pierre-se-rebelle-en-silence\/#primaryimage"},"thumbnailUrl":"https:\/\/audeladestoiles.com\/wp-content\/uploads\/2024\/11\/Olivier-BacSilentium.webp","articleSection":["Articles"],"inLanguage":"en-US"},{"@type":"WebPage","@id":"https:\/\/audeladestoiles.com\/index.php\/2024\/11\/12\/silentium-quand-labbe-pierre-se-rebelle-en-silence\/","url":"https:\/\/audeladestoiles.com\/index.php\/2024\/11\/12\/silentium-quand-labbe-pierre-se-rebelle-en-silence\/","name":"\u00ab Silentium \u00bb : quand l\u2019abb\u00e9 Pierre se rebelle\u2026 en silence - Au-del\u00e0 des toiles","isPartOf":{"@id":"https:\/\/audeladestoiles.com\/#website"},"primaryImageOfPage":{"@id":"https:\/\/audeladestoiles.com\/index.php\/2024\/11\/12\/silentium-quand-labbe-pierre-se-rebelle-en-silence\/#primaryimage"},"image":{"@id":"https:\/\/audeladestoiles.com\/index.php\/2024\/11\/12\/silentium-quand-labbe-pierre-se-rebelle-en-silence\/#primaryimage"},"thumbnailUrl":"https:\/\/audeladestoiles.com\/wp-content\/uploads\/2024\/11\/Olivier-BacSilentium.webp","datePublished":"2024-11-12T13:57:13+00:00","dateModified":"2024-12-09T14:16:55+00:00","description":"D\u00e9couvrez Silentium de James Colomina : une sculpture audacieuse et provocatrice, repr\u00e9sentant l\u2019abb\u00e9 Pierre dans une \u00e9glise d\u00e9sacralis\u00e9e.","breadcrumb":{"@id":"https:\/\/audeladestoiles.com\/index.php\/2024\/11\/12\/silentium-quand-labbe-pierre-se-rebelle-en-silence\/#breadcrumb"},"inLanguage":"en-US","potentialAction":[{"@type":"ReadAction","target":["https:\/\/audeladestoiles.com\/index.php\/2024\/11\/12\/silentium-quand-labbe-pierre-se-rebelle-en-silence\/"]}]},{"@type":"ImageObject","inLanguage":"en-US","@id":"https:\/\/audeladestoiles.com\/index.php\/2024\/11\/12\/silentium-quand-labbe-pierre-se-rebelle-en-silence\/#primaryimage","url":"https:\/\/audeladestoiles.com\/wp-content\/uploads\/2024\/11\/Olivier-BacSilentium.webp","contentUrl":"https:\/\/audeladestoiles.com\/wp-content\/uploads\/2024\/11\/Olivier-BacSilentium.webp","width":1200,"height":800,"caption":"Olivier-BacSilentium-abb\u00e9-pierre"},{"@type":"BreadcrumbList","@id":"https:\/\/audeladestoiles.com\/index.php\/2024\/11\/12\/silentium-quand-labbe-pierre-se-rebelle-en-silence\/#breadcrumb","itemListElement":[{"@type":"ListItem","position":1,"name":"Accueil","item":"https:\/\/audeladestoiles.com\/"},{"@type":"ListItem","position":2,"name":"\u00ab Silentium \u00bb : quand l\u2019abb\u00e9 Pierre se rebelle\u2026 en silence"}]},{"@type":"WebSite","@id":"https:\/\/audeladestoiles.com\/#website","url":"https:\/\/audeladestoiles.com\/","name":"Au-del\u00e0 des toiles","description":"D\u00e9couvrez l&#039;art sous un nouveau regard","publisher":{"@id":"https:\/\/audeladestoiles.com\/#organization"},"potentialAction":[{"@type":"SearchAction","target":{"@type":"EntryPoint","urlTemplate":"https:\/\/audeladestoiles.com\/?s={search_term_string}"},"query-input":{"@type":"PropertyValueSpecification","valueRequired":true,"valueName":"search_term_string"}}],"inLanguage":"en-US"},{"@type":"Organization","@id":"https:\/\/audeladestoiles.com\/#organization","name":"Au-del\u00e0 des toiles","url":"https:\/\/audeladestoiles.com\/","logo":{"@type":"ImageObject","inLanguage":"en-US","@id":"https:\/\/audeladestoiles.com\/#\/schema\/logo\/image\/","url":"https:\/\/audeladestoiles.com\/wp-content\/uploads\/2024\/09\/Logo-1.png","contentUrl":"https:\/\/audeladestoiles.com\/wp-content\/uploads\/2024\/09\/Logo-1.png","width":294,"height":325,"caption":"Au-del\u00e0 des toiles"},"image":{"@id":"https:\/\/audeladestoiles.com\/#\/schema\/logo\/image\/"},"sameAs":["https:\/\/www.facebook.com\/profile.php?id=61559291932256","https:\/\/www.instagram.com\/au_dela_des_toiles\/"]},{"@type":"Person","@id":"https:\/\/audeladestoiles.com\/#\/schema\/person\/e6867e14880758485a2921f9c18412e4","name":"Louane Marion","image":{"@type":"ImageObject","inLanguage":"en-US","@id":"https:\/\/secure.gravatar.com\/avatar\/2d5186442ed848bccf4af981cccc26c1c8dc3cd02dffaaf9c61ac626523d4d25?s=96&d=mm&r=g","url":"https:\/\/secure.gravatar.com\/avatar\/2d5186442ed848bccf4af981cccc26c1c8dc3cd02dffaaf9c61ac626523d4d25?s=96&d=mm&r=g","contentUrl":"https:\/\/secure.gravatar.com\/avatar\/2d5186442ed848bccf4af981cccc26c1c8dc3cd02dffaaf9c61ac626523d4d25?s=96&d=mm&r=g","caption":"Louane Marion"},"sameAs":["http:\/\/audeladestoiles.com"],"url":"https:\/\/audeladestoiles.com\/index.php\/author\/admin5008\/"}]}},"_links":{"self":[{"href":"https:\/\/audeladestoiles.com\/index.php\/wp-json\/wp\/v2\/posts\/1070","targetHints":{"allow":["GET"]}}],"collection":[{"href":"https:\/\/audeladestoiles.com\/index.php\/wp-json\/wp\/v2\/posts"}],"about":[{"href":"https:\/\/audeladestoiles.com\/index.php\/wp-json\/wp\/v2\/types\/post"}],"author":[{"embeddable":true,"href":"https:\/\/audeladestoiles.com\/index.php\/wp-json\/wp\/v2\/users\/1"}],"replies":[{"embeddable":true,"href":"https:\/\/audeladestoiles.com\/index.php\/wp-json\/wp\/v2\/comments?post=1070"}],"version-history":[{"count":0,"href":"https:\/\/audeladestoiles.com\/index.php\/wp-json\/wp\/v2\/posts\/1070\/revisions"}],"wp:featuredmedia":[{"embeddable":true,"href":"https:\/\/audeladestoiles.com\/index.php\/wp-json\/wp\/v2\/media\/1071"}],"wp:attachment":[{"href":"https:\/\/audeladestoiles.com\/index.php\/wp-json\/wp\/v2\/media?parent=1070"}],"wp:term":[{"taxonomy":"category","embeddable":true,"href":"https:\/\/audeladestoiles.com\/index.php\/wp-json\/wp\/v2\/categories?post=1070"},{"taxonomy":"post_tag","embeddable":true,"href":"https:\/\/audeladestoiles.com\/index.php\/wp-json\/wp\/v2\/tags?post=1070"}],"curies":[{"name":"wp","href":"https:\/\/api.w.org\/{rel}","templated":true}]}}